[{"@context":"https:\/\/schema.org\/","@type":"Article","@id":"https:\/\/www.calvera.cz\/vime-co-bylo-ale-kdo-vi-co-bude\/#Article","mainEntityOfPage":"https:\/\/www.calvera.cz\/vime-co-bylo-ale-kdo-vi-co-bude\/","headline":"V\u00edme, co bylo, ale kdo v\u00ed, co bude?","name":"V\u00edme, co bylo, ale kdo v\u00ed, co bude?","description":"V\u011bda je i tam, kde bychom ji ne\u010dekali. Mysl\u00edte si snad, \u017ee se tu v\u0161e objevilo tak, jak to.","datePublished":"2021-12-22","dateModified":"2023-05-01","author":{"@type":"Person","@id":"https:\/\/www.calvera.cz\/author\/devene\/#Person","name":"devene","url":"https:\/\/www.calvera.cz\/author\/devene\/","identifier":1,"image":{"@type":"ImageObject","@id":"https:\/\/secure.gravatar.com\/avatar\/ac70c9e5ac34d1687bd81eed3e0a5127e2920111fdfe832b53d740bc4b86c4fd?s=96&d=mm&r=g","url":"https:\/\/secure.gravatar.com\/avatar\/ac70c9e5ac34d1687bd81eed3e0a5127e2920111fdfe832b53d740bc4b86c4fd?s=96&d=mm&r=g","height":96,"width":96}},"publisher":{"@type":"Organization","name":"calvera.cz","logo":{"@type":"ImageObject","@id":"\/logo.png","url":"\/logo.png","width":600,"height":60}},"image":{"@type":"ImageObject","@id":"https:\/\/www.calvera.cz\/wp-content\/uploads\/children-593313_960_720_5.jpg","url":"https:\/\/www.calvera.cz\/wp-content\/uploads\/children-593313_960_720_5.jpg","height":0,"width":0},"url":"https:\/\/www.calvera.cz\/vime-co-bylo-ale-kdo-vi-co-bude\/","about":["V\u011bda"],"wordCount":461,"articleBody":"V\u011bda je i tam, kde bychom ji ne\u010dekali. Mysl\u00edte si snad, \u017ee se tu v\u0161e objevilo tak, jak to tu dnes m\u00e1me? To ur\u010dit\u011b ne a v\u0161ichni to v\u00a0podv\u011bdom\u00ed dost dob\u0159e v\u00edme. Nem\u011bli bychom br\u00e1t v\u011bci kolem sebe jako samoz\u0159ejm\u00e9, kdy\u017e o nich v\u00a0jin\u00fdch \u010d\u00e1stech sv\u011bta nemaj\u00ed ani tu\u0161en\u00ed. Pat\u0159\u00edme mezi jeden z\u00a0nejvysp\u011blej\u0161\u00edch st\u00e1t\u016f a m\u011bli bychom za to b\u00fdt vd\u011b\u010dn\u00ed. Ka\u017edi\u010dkou v\u011bc, kter\u00e1 nevyroste na strom\u011b, musela b\u00fdt n\u011bk\u00fdm vynalezena. M\u011bli jste n\u011bkdy n\u011bjak\u00fd n\u00e1pad a p\u0159i\u0161el v\u00e1m jako nejv\u011bt\u0161\u00ed blbost? Jak v\u00edte, \u017ee to nemohl b\u00fdt dal\u0161\u00ed vyn\u00e1lez dne\u0161n\u00ed doby? U t\u011bch, co vynalezli v\u011bci n\u00e1mi dnes pou\u017e\u00edvan\u00e9, ur\u010dit\u011b existoval n\u011bkdo, kdo jim \u0159ekl, \u017ee jejich vyn\u00e1lez je nesmysln\u00fd a a\u0165 jej nechaj\u00ed b\u00fdt a zapomenou na to. Nen\u00ed to nic neobvykl\u00e9ho. To se stane \u00fapln\u011b ka\u017ed\u00e9mu, kdy\u017e p\u0159ijde s\u00a0n\u011b\u010d\u00edm, co lidstvo dosud nezn\u00e1. U\u017e p\u0159ed tis\u00edci lety lid\u00e9 museli vym\u00fd\u0161let, jak p\u0159e\u017e\u00edt, ani\u017e by je to st\u00e1lo krk a museli se nau\u010dit existovat, postavit si obydl\u00ed a podobn\u011b. Na v\u0161e p\u0159i\u0161li a koukn\u011bte, kde \u017eijeme te\u010f, jak to kolem n\u00e1s vypad\u00e1 a podobn\u011b. M\u016f\u017eeme si kamkoliv zajet m\u011bstskou hromadnou dopravou nebo autem, dolet\u00edme do zahrani\u010d\u00ed, zkr\u00e1tka mo\u017enosti se roz\u0161\u00ed\u0159ily. Vyv\u00edjej\u00ed se nov\u00e9 a nov\u00e9 l\u00e9ky na nejz\u00e1ke\u0159n\u011bj\u0161\u00ed nemoci \u010di choroby, vyp\u011bstujeme si, cokoliv se n\u00e1m zl\u00edb\u00ed, ve chv\u00edli, kdy n\u011bco nev\u00edme, sta\u010d\u00ed n\u00e1m vz\u00edt do ruky n\u00e1\u0161 chytr\u00fd telefon \u010di sednout k\u00a0po\u010d\u00edta\u010di a za\u010d\u00edt googlit. Sv\u011bt se n\u00e1m rozv\u00edj\u00ed v\u00edce, ne\u017e si st\u00edh\u00e1me v\u0161\u00edmat. Je toho kolem n\u00e1s opravdu mnoho, co se za posledn\u00edch n\u011bkolik let zm\u011bnilo a m\u011bnit se to bude je\u0161t\u011b d\u00e1l. Vzpome\u0148te si, jak\u00fd byl \u017eivot, kdy\u017e jste byly d\u011bti a porovnejte to s\u00a0aktu\u00e1ln\u00ed dobou. Mnoho v\u011bc\u00ed je \u00fapln\u011b jinak a s\u00a0d\u0159\u00edv\u011bj\u0161kem to nem\u00e1 nic spole\u010dn\u00e9ho. J\u00edt s\u00a0dobou ov\u0161em nemus\u00ed b\u00fdt nic jednoduch\u00e9ho. Vznikaj\u00ed nov\u00e9 a nov\u00e9 p\u0159\u00edstroje, za\u0159\u00edzen\u00ed, elektrospot\u0159ebi\u010de a podobn\u011b a ne ka\u017ed\u00fd jim zvl\u00e1d\u00e1 porozum\u011bt. V\u011bda n\u00e1s bude p\u0159ekvapovat \u010d\u00edm d\u00e1l t\u00edm v\u00edce, m\u011bli bychom se na to pokusit co nejl\u00e9pe p\u0159ipravit.                                                                                                                                                                                                                                                                                                                                                                                                "},{"@context":"https:\/\/schema.org\/","@type":"BreadcrumbList","itemListElement":[{"@type":"ListItem","position":1,"name":"V\u00edme, co bylo, ale kdo v\u00ed, co bude?","item":"https:\/\/www.calvera.cz\/vime-co-bylo-ale-kdo-vi-co-bude\/#breadcrumbitem"}]}]