[{"@context":"https:\/\/schema.org\/","@type":"Article","@id":"https:\/\/www.calvera.cz\/planujete-si-postavit-dum-a-mate-predstavu-o-tom-jak-by-mel-vypadat-jak-tyhle-plany-zrealizovat\/#Article","mainEntityOfPage":"https:\/\/www.calvera.cz\/planujete-si-postavit-dum-a-mate-predstavu-o-tom-jak-by-mel-vypadat-jak-tyhle-plany-zrealizovat\/","headline":"Pl\u00e1nujete si postavit d\u016fm a m\u00e1te p\u0159edstavu o tom, jak by m\u011bl vypadat? Jak tyhle pl\u00e1ny zrealizovat?","name":"Pl\u00e1nujete si postavit d\u016fm a m\u00e1te p\u0159edstavu o tom, jak by m\u011bl vypadat? Jak tyhle pl\u00e1ny zrealizovat?","description":"Cht\u011bli byste si postavit d\u016fm takov\u00fd, jak jste si ho v\u017edycky vysnili? Nen\u00ed nic jednoduch\u00e9ho napl\u00e1novat, jak bude d\u016fm.","datePublished":"2021-04-11","dateModified":"2023-05-01","author":{"@type":"Person","@id":"https:\/\/www.calvera.cz\/author\/devene\/#Person","name":"devene","url":"https:\/\/www.calvera.cz\/author\/devene\/","identifier":1,"image":{"@type":"ImageObject","@id":"https:\/\/secure.gravatar.com\/avatar\/ac70c9e5ac34d1687bd81eed3e0a5127e2920111fdfe832b53d740bc4b86c4fd?s=96&d=mm&r=g","url":"https:\/\/secure.gravatar.com\/avatar\/ac70c9e5ac34d1687bd81eed3e0a5127e2920111fdfe832b53d740bc4b86c4fd?s=96&d=mm&r=g","height":96,"width":96}},"publisher":{"@type":"Organization","name":"calvera.cz","logo":{"@type":"ImageObject","@id":"\/logo.png","url":"\/logo.png","width":600,"height":60}},"image":{"@type":"ImageObject","@id":"https:\/\/www.calvera.cz\/wp-content\/uploads\/pexels-photo-5997967.jpeg","url":"https:\/\/www.calvera.cz\/wp-content\/uploads\/pexels-photo-5997967.jpeg","height":0,"width":0},"url":"https:\/\/www.calvera.cz\/planujete-si-postavit-dum-a-mate-predstavu-o-tom-jak-by-mel-vypadat-jak-tyhle-plany-zrealizovat\/","about":["Pen\u00edze"],"wordCount":580,"articleBody":"         Cht\u011bli byste si postavit d\u016fm takov\u00fd, jak jste si ho v\u017edycky vysnili? Nen\u00ed nic jednoduch\u00e9ho napl\u00e1novat, jak bude d\u016fm vypadat zevnit\u0159 i zven\u010d\u00ed. Jak na to? Pl\u00e1nujete si postavit d\u016fm a m\u00e1te p\u0159edstavu o tom, jak by m\u011bl vypadat? Jak tyhle pl\u00e1ny zrealizovat? Sv\u016fj vysn\u011bn\u00fd domov m\u00e1 asi ka\u017ed\u00fd z n\u00e1s, ne ka\u017ed\u00e9mu se ale v\u017edy poda\u0159\u00ed sv\u00e9 sny tak\u00e9 zrealizovat. Pokud pl\u00e1nujete rozs\u00e1hlou rekonstrukci nebo se chcete pustit do stavby vlastn\u00edho domu, mus\u00edte m\u00edt v\u0161echny kroky dop\u0159edu pe\u010dliv\u011b napl\u00e1novan\u00e9, jinak se m\u016f\u017ee st\u00e1t, \u017ee m\u00edsto dokonal\u00e9ho domova se budete st\u011bhovat do p\u0159ekombinovan\u00e9ho a nefunk\u010dn\u00edho interi\u00e9ru, na kter\u00e9m v\u00e1m bude v\u0161echno vadit. Chyb se toti\u017e m\u016f\u017eeme dopustit celkem snadno. Sami nebo s pomoc\u00ed? Pokud se zrovna nekoupeme v pen\u011bz\u00edch, chceme v\u017edy a na v\u0161em co nejv\u00edce u\u0161et\u0159it, to je jasn\u00e9 a nen\u00ed na tom ani nic \u0161patn\u00e9ho. Jen\u017ee n\u011bkdy se sna\u017e\u00edme \u0161et\u0159it a p\u0159itom utrat\u00edme je\u0161t\u011b mnohem v\u00edce pen\u011bz, ne\u017e jsme pl\u00e1novali. A p\u0159i vybavov\u00e1n\u00ed interi\u00e9ru m\u016f\u017eeme nasekat tolik chyb, \u017ee se pak nesta\u010d\u00edme divit. Touha po dokonal\u00e9m interi\u00e9ru n\u00e1s t\u00e1hne dop\u0159edu, a i kdy\u017e m\u00e1me sv\u00e9 p\u0159edstavy, nen\u00ed v\u017edy \u00fapln\u011b lehk\u00e9 je zrealizovat. Pokud se chcete pustit do v\u0161eho sami, m\u011bli byste po\u010d\u00edtat s t\u00edm, \u017ee to nebude v\u016fbec snadn\u00e9. Pro n\u011bkoho, kdo \u00fapln\u011b bytov\u00e9mu designu nerozum\u00ed, m\u016f\u017ee b\u00fdt nesm\u00edrn\u011b t\u011b\u017ek\u00e9 v\u0161echno napl\u00e1novat a dokonale sladit. Nejv\u011bt\u0161\u00edch chyb se p\u0159itom dopou\u0161t\u00edme zejm\u00e9na, kdy\u017e kupujeme n\u00e1bytek. I kr\u00e1sn\u011b vypadaj\u00edc\u00ed a cenov\u00e9 p\u0159ijateln\u00fd n\u00e1bytek se m\u016f\u017ee st\u00e1t nakonec obt\u00ed\u017e\u00ed. Nebojte se proto \u0159\u00edci si o pomoc. Bytov\u00fd architekt svou pr\u00e1ci v\u017edy zvl\u00e1dne na jedni\u010dku a je\u0161t\u011b v\u00e1m pen\u00edze pom\u016f\u017ee u\u0161et\u0159it. P\u0159itom st\u00e1le mezi lidmi panuj\u00ed obavy, \u017ee pr\u00e1v\u011b jeho slu\u017eby jsou cenov\u011b nep\u0159ijateln\u00e9, a \u017ee takov\u00e1 pomoc n\u00e1s zruinuje. To je ale omyl, kdy\u017e budete p\u0159i pl\u00e1nov\u00e1n\u00ed a realizaci nov\u00e9ho vybaven\u00ed dom\u00e1cnosti spolupracovat s odborn\u00edkem, m\u016f\u017eete pen\u00edze u\u0161et\u0159it a vyvarujete se zbyte\u010dn\u00fdch chyb. Jak\u00e9 jsou jeho v\u00fdhody? Bytov\u00ed architekti vid\u00ed prostor jako takov\u00fd \u00fapln\u011b jin\u00fdma o\u010dima a tak n\u00e1m mohou v\u00fdrazn\u011b pomoci. Usnadn\u00ed n\u00e1m pr\u00e1ci i budouc\u00ed \u017eivot a na ka\u017ed\u00e9m kousku prostoru najdou to nejlep\u0161\u00ed, nejde jen o kombinov\u00e1n\u00ed barev a materi\u00e1l\u016f, aby interi\u00e9r nep\u016fsobil p\u0159epl\u00e1can\u011b. Jde i o efektivn\u00ed rozm\u00edst\u011bn\u00ed n\u00e1bytku, spr\u00e1vn\u00fd v\u00fdb\u011br sv\u011btel a hlavn\u011b o u\u0161et\u0159en\u00ed m\u00edsta, co\u017e je velmi d\u016fle\u017eit\u00e9 hlavn\u011b v men\u0161\u00edch prostorech. V\u0161ichni v\u00edme, \u017ee n\u00e1bytek z obchodu ne v\u017edy \u00fapln\u011b dokonale sed\u00ed. A p\u0159ece nechcete o n\u011bj zakop\u00e1vat, \u017ee? Doma tr\u00e1v\u00edme hodn\u011b \u010dasu, a proto by n\u00e1m tam m\u011blo b\u00fdt co nejp\u0159\u00edjemn\u011bji. Usnadn\u011bte si \u017eivot a radujte se ze sv\u00e9ho domova naplno!                                                                                                                                                                                                                                                                                                                                                                                                   "},{"@context":"https:\/\/schema.org\/","@type":"BreadcrumbList","itemListElement":[{"@type":"ListItem","position":1,"name":"Pl\u00e1nujete si postavit d\u016fm a m\u00e1te p\u0159edstavu o tom, jak by m\u011bl vypadat? Jak tyhle pl\u00e1ny zrealizovat?","item":"https:\/\/www.calvera.cz\/planujete-si-postavit-dum-a-mate-predstavu-o-tom-jak-by-mel-vypadat-jak-tyhle-plany-zrealizovat\/#breadcrumbitem"}]}]