[{"@context":"https:\/\/schema.org\/","@type":"Article","@id":"https:\/\/www.calvera.cz\/nase-dekoracni-latky-vas-jiste-zaujmou\/#Article","mainEntityOfPage":"https:\/\/www.calvera.cz\/nase-dekoracni-latky-vas-jiste-zaujmou\/","headline":"Na\u0161e dekora\u010dn\u00ed l\u00e1tky V\u00e1s jist\u011b zaujmou","name":"Na\u0161e dekora\u010dn\u00ed l\u00e1tky V\u00e1s jist\u011b zaujmou","description":"Chcete z\u00fatulnit sv\u016fj byt? V oknech m\u00e1te sice \u017ealuzie, ale i tak n\u011bco chyb\u00ed Va\u0161im okn\u016fm. \u017de by z\u00e1v\u011bsy?.","datePublished":"2025-03-24","dateModified":"2025-03-24","author":{"@type":"Person","@id":"https:\/\/www.calvera.cz\/author\/devene\/#Person","name":"devene","url":"https:\/\/www.calvera.cz\/author\/devene\/","identifier":1,"image":{"@type":"ImageObject","@id":"https:\/\/secure.gravatar.com\/avatar\/ac70c9e5ac34d1687bd81eed3e0a5127e2920111fdfe832b53d740bc4b86c4fd?s=96&d=mm&r=g","url":"https:\/\/secure.gravatar.com\/avatar\/ac70c9e5ac34d1687bd81eed3e0a5127e2920111fdfe832b53d740bc4b86c4fd?s=96&d=mm&r=g","height":96,"width":96}},"publisher":{"@type":"Organization","name":"calvera.cz","logo":{"@type":"ImageObject","@id":"\/logo.png","url":"\/logo.png","width":600,"height":60}},"url":"https:\/\/www.calvera.cz\/nase-dekoracni-latky-vas-jiste-zaujmou\/","wordCount":212,"articleBody":"Chcete z\u00fatulnit sv\u016fj byt? V oknech m\u00e1te sice \u017ealuzie, ale i tak n\u011bco chyb\u00ed Va\u0161im okn\u016fm. \u017de by z\u00e1v\u011bsy? Ne ty funk\u010dn\u00ed, kter\u00e9 p\u0159i zata\u017een\u00ed chr\u00e1n\u00ed Va\u0161e soukrom\u00ed. Ale ty dekora\u010dn\u00ed. Jde o pruhy l\u00e1tek okolo oken. Dekora\u010dn\u00ed l\u00e1tky takto pou\u017eit\u00e9 o\u017eiv\u00ed celou m\u00edstnost. Budete p\u0159ekvapeni, jak se budete c\u00edtit p\u0159\u00edjemn\u011b, a dekora\u010dn\u00ed z\u00e1v\u011bs dod\u00e1 jinou novou atmosf\u00e9ru cel\u00e9 m\u00edstnosti. Dekora\u010dn\u00ed l\u00e1tky se daj\u00ed pou\u017e\u00edt na pol\u0161t\u00e1\u0159ky a mnoho jin\u00fdch bytov\u00fdch dopl\u0148k\u016f. M\u00e1te-li doma prostor, kter\u00fd byste cht\u011bli zakr\u00fdt, vhodn\u00fdm prost\u0159edkem jsou op\u011bt tyto l\u00e1tky. Nab\u00edz\u00edme r\u016fzn\u00e9 barevn\u00e9 kombinace a vzory, ale i jednobarevn\u00e9 l\u00e1tky. \u010cesk\u00e9 v\u00fdrobky V\u0161echny dekora\u010dn\u00ed l\u00e1tky jsou velice kvalitn\u00ed a od \u010desk\u00fdch v\u00fdrobc\u016f. Jsou vyr\u00e1b\u011bny z bavlny, visk\u00f3zy a nevad\u00ed jim \u010dast\u00e9 pran\u00ed ani pom\u011brn\u011b vysok\u00e9 teploty. Ve Va\u0161em byt\u011b s nimi dok\u00e1\u017eete \u00fapln\u011b z\u00e1zraky. P\u0159ekvap\u00edte ka\u017edou Va\u0161i n\u00e1v\u0161t\u011bvu a v\u0161ichni se u V\u00e1s budou c\u00edtit p\u0159\u00edjemn\u011b.                                                                                                                                                                                                                                                                                                                                                                                                "},{"@context":"https:\/\/schema.org\/","@type":"BreadcrumbList","itemListElement":[{"@type":"ListItem","position":1,"name":"Na\u0161e dekora\u010dn\u00ed l\u00e1tky V\u00e1s jist\u011b zaujmou","item":"https:\/\/www.calvera.cz\/nase-dekoracni-latky-vas-jiste-zaujmou\/#breadcrumbitem"}]}]