[{"@context":"https:\/\/schema.org\/","@type":"Article","@id":"https:\/\/www.calvera.cz\/na-zacatku-byva-svatebni-oznameni\/#Article","mainEntityOfPage":"https:\/\/www.calvera.cz\/na-zacatku-byva-svatebni-oznameni\/","headline":"Na za\u010d\u00e1tku b\u00fdv\u00e1 svatebn\u00ed ozn\u00e1men\u00ed","name":"Na za\u010d\u00e1tku b\u00fdv\u00e1 svatebn\u00ed ozn\u00e1men\u00ed","description":"Samoz\u0159ejm\u011b, \u017ee nejd\u0159\u00edv mus\u00ed prob\u011bhnout \u017e\u00e1dost o ruku, tedy zasnouben\u00ed. Ale n\u00e1sledn\u011b je \u010das vyb\u00edrat, jakou formou sd\u011bl\u00edte radostnou.","datePublished":"2023-09-26","dateModified":"2023-09-26","author":{"@type":"Person","@id":"https:\/\/www.calvera.cz\/author\/devene\/#Person","name":"devene","url":"https:\/\/www.calvera.cz\/author\/devene\/","identifier":1,"image":{"@type":"ImageObject","@id":"https:\/\/secure.gravatar.com\/avatar\/ac70c9e5ac34d1687bd81eed3e0a5127e2920111fdfe832b53d740bc4b86c4fd?s=96&d=mm&r=g","url":"https:\/\/secure.gravatar.com\/avatar\/ac70c9e5ac34d1687bd81eed3e0a5127e2920111fdfe832b53d740bc4b86c4fd?s=96&d=mm&r=g","height":96,"width":96}},"publisher":{"@type":"Organization","name":"calvera.cz","logo":{"@type":"ImageObject","@id":"\/logo.png","url":"\/logo.png","width":600,"height":60}},"url":"https:\/\/www.calvera.cz\/na-zacatku-byva-svatebni-oznameni\/","wordCount":242,"articleBody":"Samoz\u0159ejm\u011b, \u017ee nejd\u0159\u00edv mus\u00ed prob\u011bhnout \u017e\u00e1dost o ruku, tedy zasnouben\u00ed. Ale n\u00e1sledn\u011b je \u010das vyb\u00edrat, jakou formou sd\u011bl\u00edte radostnou ud\u00e1lost v\u0161em sv\u00fdm zn\u00e1m\u00fdm a p\u0159\u00edbuzn\u00fdm. Ve stejn\u00e9m stylu m\u00e1te mo\u017enost vyrobit i karti\u010dky pro hosty, jmenovky, roztomil\u00e9 ko\u0161\u00ed\u010dky na kol\u00e1\u010dky, \u010di krabi\u010dky na v\u00fdslu\u017eku. \u0158eknete si, tolik pr\u00e1ce pro jeden den, ale v\u011b\u0159te, \u017ee za tak n\u00e1dhern\u00e9 vzpom\u00ednky to zajist\u00e9 bude st\u00e1t. Den, kter\u00fd se m\u00e1 n\u00e1le\u017eit\u011b oslavit a ve stejn\u011b radostn\u00e9m duchu by mohl prob\u00edhat i cel\u00fd spole\u010dn\u00fd \u017eivot v man\u017eelstv\u00ed. Je skv\u011bl\u00e9 m\u00edt n\u011bkoho r\u00e1d a sd\u00edlet s n\u00edm tak n\u00e1dhern\u00e9 chv\u00edle.Tis\u00edc d\u016fvod\u016f k radostiP\u0159\u00edpravy na den man\u017eelsk\u00e9ho slibu obsahuj\u00ed tolik d\u016fle\u017eit\u00fdch v\u011bc\u00ed, \u017ee se opravdu m\u00e1te, na co t\u011b\u0161it. Hned, jak v\u00e1m vytisknou svatebn\u00ed ozn\u00e1men\u00ed, budete se ur\u010dit\u011b cht\u00edt pochlubit kamar\u00e1d\u016fm a kamar\u00e1dk\u00e1m a u sklenky v\u00edna v\u0161e n\u00e1le\u017eit\u011b proberete. Potom p\u016fjdete s kamar\u00e1dkou, sestrou, \u010di m\u00e1mou vyb\u00edrat n\u00e1dhern\u00e9 b\u00edl\u00e9 \u0161aty a z\u00e1voj, kter\u00e9 budou st\u0159edem bodu pozornosti cel\u00e9ho toho velk\u00e9ho dne. Tolik radost\u00ed, kter\u00e9 si mus\u00edte po\u0159\u00e1dn\u011b u\u017e\u00edt.                                                                                                                                                                                                                                                                                                                                                                                                "},{"@context":"https:\/\/schema.org\/","@type":"BreadcrumbList","itemListElement":[{"@type":"ListItem","position":1,"name":"Na za\u010d\u00e1tku b\u00fdv\u00e1 svatebn\u00ed ozn\u00e1men\u00ed","item":"https:\/\/www.calvera.cz\/na-zacatku-byva-svatebni-oznameni\/#breadcrumbitem"}]}]