[{"@context":"https:\/\/schema.org\/","@type":"Article","@id":"https:\/\/www.calvera.cz\/kdy-se-lidem-zacala-zvysovat-inteligence\/#Article","mainEntityOfPage":"https:\/\/www.calvera.cz\/kdy-se-lidem-zacala-zvysovat-inteligence\/","headline":"Kdy se lidem za\u010dala zvy\u0161ovat inteligence","name":"Kdy se lidem za\u010dala zvy\u0161ovat inteligence","description":"Pokud se n\u011bkoho zept\u00e1te, \u010d\u00edm se \u010dlov\u011bk odli\u0161uje od ostatn\u00edch \u017eivo\u010di\u0161n\u00fdch druh\u016f, pak jednozna\u010dnou odpov\u011bd\u00ed bude na\u0161e inteligence. Ta.","datePublished":"2024-08-23","dateModified":"2024-08-23","author":{"@type":"Person","@id":"https:\/\/www.calvera.cz\/author\/devene\/#Person","name":"devene","url":"https:\/\/www.calvera.cz\/author\/devene\/","identifier":1,"image":{"@type":"ImageObject","@id":"https:\/\/secure.gravatar.com\/avatar\/ac70c9e5ac34d1687bd81eed3e0a5127e2920111fdfe832b53d740bc4b86c4fd?s=96&d=mm&r=g","url":"https:\/\/secure.gravatar.com\/avatar\/ac70c9e5ac34d1687bd81eed3e0a5127e2920111fdfe832b53d740bc4b86c4fd?s=96&d=mm&r=g","height":96,"width":96}},"publisher":{"@type":"Organization","name":"calvera.cz","logo":{"@type":"ImageObject","@id":"\/logo.png","url":"\/logo.png","width":600,"height":60}},"image":{"@type":"ImageObject","@id":"https:\/\/www.calvera.cz\/wp-content\/uploads\/zubar1_10_3.jpg","url":"https:\/\/www.calvera.cz\/wp-content\/uploads\/zubar1_10_3.jpg","height":0,"width":0},"url":"https:\/\/www.calvera.cz\/kdy-se-lidem-zacala-zvysovat-inteligence\/","about":["V\u011bda"],"wordCount":424,"articleBody":"Pokud se n\u011bkoho zept\u00e1te, \u010d\u00edm se \u010dlov\u011bk odli\u0161uje od ostatn\u00edch \u017eivo\u010di\u0161n\u00fdch druh\u016f, pak jednozna\u010dnou odpov\u011bd\u00ed bude na\u0161e inteligence. Ta n\u00e1m umo\u017e\u0148uje pou\u017e\u00edvat n\u00e1stroje zp\u016fsobem, o kter\u00fdch se m\u016f\u017ee ostatn\u00edm \u017eivo\u010dich\u016fm jen zd\u00e1t. Ov\u0161em je jasn\u00e9, \u017ee nep\u0159i\u0161la sama od sebe. Ji\u017e od po\u010d\u00e1tku musela p\u0159edstavovat evolu\u010dn\u00ed v\u00fdhodu, a tak\u00e9 musely b\u00fdt prost\u0159edky k\u00a0tomu, aby v\u016fbec mohla nar\u016fstat. T\u00edm hlavn\u00edm, \u010deho si m\u016f\u017eeme v\u0161imnout, je zvr\u00e1sn\u011bn\u00ed na\u0161eho mozku. Je dok\u00e1z\u00e1no, \u017ee \u010d\u00edm inteligentn\u011bj\u0161\u00ed druh je, t\u00edm m\u00e1 mozek v\u00edce vr\u00e1s\u010dit\u00fd \u2013 a u \u010dlov\u011bka je to skute\u010dn\u011b hodn\u011b.Znamen\u00e1 to tedy, \u017ee kdysi v\u00a0na\u0161\u00ed evolu\u010dn\u00ed historii musel p\u0159ij\u00edt n\u011bjak\u00fd popud, kter\u00fd zp\u016fsobil r\u016fst na\u0161eho mozku. Abychom to pochopili, mus\u00edme si uv\u011bdomit, jak na\u0161i p\u0159edkov\u00e9 vlastn\u011b \u017eili. D\u0159\u00edve se \u017eivili rostlinnou stravou a p\u0159\u00edpadn\u011b mr\u0161inami, kter\u00e9 p\u0159\u00edpadn\u011b na\u0161li. Pot\u00e9, co opustili les a uvolnili se jim p\u0159edn\u00ed kon\u010detiny, se tyto staly mnohem ohebn\u011bj\u0161\u00ed. To n\u00e1m zavdalo p\u0159\u00ed\u010dinu k\u00a0tomu, abychom je za\u010dali pou\u017e\u00edvat i k\u00a0jin\u00fdm \u00fa\u010del\u016fm ne\u017e k\u00a0pohybu. Proto jsme tak\u00e9 za\u010dali st\u00e1le v\u00edce pou\u017e\u00edvat n\u00e1stroje. To v\u0161ak znamenalo, \u017ee jsme dok\u00e1zali z\u00edskat v\u00edce potravy. To znamenalo tak\u00e9 v\u00edce energie, kterou bylo mo\u017en\u00e9 vyu\u017e\u00edt. Nesm\u00edme toti\u017e zapom\u00ednat, \u017ee mozek je velmi energeticky n\u00e1ro\u010dn\u00fd. Proto bylo k\u00a0jeho provozu v\u00edce energie, a \u010d\u00edm chyt\u0159ej\u0161\u00ed jsme a \u010d\u00edm v\u011bt\u0161\u00ed je, t\u00edm v\u00edce j\u00ed pot\u0159ebuje. Je tedy jasn\u00e9, \u017ee aby se na\u0161e inteligence vyvinula do takov\u00fdch v\u00fd\u0161in, jak\u00e9 jsou u \u010dlov\u011bka, bylo nutn\u00e9 naj\u00edt nov\u00fd, energeticky vydatn\u00fd zdroj potravy. Jen rostliny s\u00a0p\u0159\u00edle\u017eitostn\u00fdm masem zkr\u00e1tka nesta\u010dily. Museli jsme tedy naj\u00edt n\u011bco jin\u00e9ho \u2013 a t\u00edm n\u011b\u010d\u00edm bylo maso. A to souviselo s\u00a0lep\u0161\u00edm vyu\u017eit\u00edm n\u00e1stroj\u016f. Jednalo se vlastn\u011b o spir\u00e1lu \u2013 lep\u0161\u00ed n\u00e1stroje n\u00e1m umo\u017enily z\u00edskat v\u00edce potravy, a v\u00edce potravy umo\u017enily dal\u0161\u00ed v\u00fdvoj mozku. Proto jsme se dostali nakonec na \u0161pi\u010dku potravn\u00edho \u0159et\u011bzce, ze kter\u00e9 n\u00e1s doposud nikdo nesesadil.                                                                                                                                                                                                                                                                                                                                                                                                "},{"@context":"https:\/\/schema.org\/","@type":"BreadcrumbList","itemListElement":[{"@type":"ListItem","position":1,"name":"Kdy se lidem za\u010dala zvy\u0161ovat inteligence","item":"https:\/\/www.calvera.cz\/kdy-se-lidem-zacala-zvysovat-inteligence\/#breadcrumbitem"}]}]