[{"@context":"https:\/\/schema.org\/","@type":"Article","@id":"https:\/\/www.calvera.cz\/drobnosti-ktere-maji-styl\/#Article","mainEntityOfPage":"https:\/\/www.calvera.cz\/drobnosti-ktere-maji-styl\/","headline":"Drobnosti, kter\u00e9 maj\u00ed styl","name":"Drobnosti, kter\u00e9 maj\u00ed styl","description":"Ve vybaven\u00ed \u017e\u00e1dn\u00e9ho profesion\u00e1ln\u00edho krej\u010d\u00edho nebo i dom\u00e1c\u00ed \u0161vadlenky nemohou v \u017e\u00e1dn\u00e9m p\u0159\u00edpad\u011b chyb\u011bt r\u016fzn\u00e9 drobnosti, bez kter\u00fdch by.","datePublished":"2018-12-14","dateModified":"2023-05-01","author":{"@type":"Person","@id":"https:\/\/www.calvera.cz\/author\/devene\/#Person","name":"devene","url":"https:\/\/www.calvera.cz\/author\/devene\/","identifier":1,"image":{"@type":"ImageObject","@id":"https:\/\/secure.gravatar.com\/avatar\/ac70c9e5ac34d1687bd81eed3e0a5127e2920111fdfe832b53d740bc4b86c4fd?s=96&d=mm&r=g","url":"https:\/\/secure.gravatar.com\/avatar\/ac70c9e5ac34d1687bd81eed3e0a5127e2920111fdfe832b53d740bc4b86c4fd?s=96&d=mm&r=g","height":96,"width":96}},"publisher":{"@type":"Organization","name":"calvera.cz","logo":{"@type":"ImageObject","@id":"\/logo.png","url":"\/logo.png","width":600,"height":60}},"image":{"@type":"ImageObject","@id":"https:\/\/www.calvera.cz\/wp-content\/uploads\/img_a332829_w1724_t1545909819.png","url":"https:\/\/www.calvera.cz\/wp-content\/uploads\/img_a332829_w1724_t1545909819.png","height":0,"width":0},"url":"https:\/\/www.calvera.cz\/drobnosti-ktere-maji-styl\/","about":["Technika"],"wordCount":402,"articleBody":"        Ve vybaven\u00ed \u017e\u00e1dn\u00e9ho profesion\u00e1ln\u00edho krej\u010d\u00edho nebo i dom\u00e1c\u00ed \u0161vadlenky nemohou v \u017e\u00e1dn\u00e9m p\u0159\u00edpad\u011b chyb\u011bt r\u016fzn\u00e9 drobnosti, bez kter\u00fdch by se bu\u010f fin\u00e1ln\u00ed v\u00fdrobek v\u016fbec neobe\u0161el anebo by mu prost\u011b chyb\u011bla pov\u011bstn\u00e1 t\u0159e\u0161ni\u010dka. T\u011bmito drobnostmi, kter\u00e9 se \u0159ad\u00ed mezi nebytnosti, jsou v\u011bci, kter\u00e9 nab\u00edz\u00ed kovov\u00e1 galanterie. \u00b7 Najdete tu &#8211; r\u016fzn\u00e9 dopl\u0148ky, kter\u00fdmi m\u016f\u017eete od\u011bvy nebo m\u00f3dn\u00ed kreace ozdobit, ale tak\u00e9 nap\u0159\u00edklad knofl\u00edky nebo zipy, bez kter\u00fdch se v\u00fdrobek neobejde. &#8211; v\u011bci praktick\u00e9 i zaj\u00edmav\u011b designov\u00e9. V sou\u010dasn\u00e9 dob\u011b se n\u011bkter\u00e9 \u017eeny v\u011bnuj\u00ed zaj\u00edmav\u00e9mu kon\u00ed\u010dku. Kabelky a r\u016fzn\u00e9 jin\u00e9 bra\u0161ny si vyr\u00e1b\u011bj\u00ed doma samy. Ne snad z nedostatku finan\u010dn\u00edch prost\u0159edk\u016f, ale z touhy po originalit\u011b. A pr\u00e1v\u011b pro n\u011b je sortiment kovov\u00e9 galanterie tak\u00e9 nezbytn\u00fdm. Najdou tu nejen klasick\u00e9 n\u00fdtky, ale i ozdobn\u00e9 v\u00fdtky s kam\u00ednky, kter\u00e9 daj\u00ed kone\u010dn\u00e9mu v\u00fdrobku pat\u0159i\u010dn\u00fd \u0161mrnc. \u00b7 Bez \u010deho se ale kabelka nebo jin\u00e1 ta\u0161ka ur\u010dit\u011b neobejde, jsou karabiny, na kter\u00e9 se p\u0159ipevn\u00ed ucho. \u00b7 Pro pot\u0159eby t\u011b\u017e\u0161\u00edch kabel je vhodn\u00e1 byteln\u00e1 kovov\u00e1 karabina, u kter\u00e9 m\u00e1te jistotu, \u017ee v\u00e1s nezrad\u00ed ani p\u0159i v\u011bt\u0161\u00edm zat\u00ed\u017een\u00ed.Karabinu m\u016f\u017eete vyu\u017e\u00edt i v\u00fdrob\u011b zaj\u00edmav\u00e9 kl\u00ed\u010denky. Spousta n\u00e1pad\u016f a ka\u017ed\u00fd jin\u00fd Tento sortiment zkr\u00e1tka probouz\u00ed na\u0161i fantazii ke kreativn\u00edm n\u00e1pad\u016fm. Pro\u010d ji tedy neposlechnout? \u00b7 T\u0159eba je \u0161koda vyhazovat tu letn\u00ed sukni jen proto, \u017ee je podle v\u00e1s nudn\u00e1. &#8211; V\u011bnujte j\u00ed kovov\u00fd \u0159et\u00edzek, p\u00e1r cvo\u010dk\u016f a uvid\u00edte, jak\u00fd budete m\u00edt v l\u00e9t\u011b \u00fasp\u011bch. N\u011bkter\u00e9 drobnosti se ale v\u016fbec nemusej\u00ed vyu\u017e\u00edt jen na to, na\u010d jsou ur\u010den\u00e9.Pokud se pod\u00edv\u00e1te na kovov\u00fd \u0161lov\u00fd troj\u00faheln\u00edk, kter\u00fd se b\u011b\u017en\u011b pou\u017e\u00edv\u00e1 na v\u00fdrobu \u0161l\u00ed, ur\u010dit\u011b v\u00e1s napadne dal\u0161\u00edch n\u011bkolik mo\u017enost\u00ed, kam by se hodil. \u00b7 Uprost\u0159ed t\u00e9 levn\u00e9 kabelky z v\u00fdprodeje je takov\u00e9 pr\u00e1zdn\u00e9 m\u00edsto. &#8211; A\u017e tam instalujete zm\u00edn\u011bn\u00fd troj\u00faheln\u00edk, kter\u00fdm prot\u00e1hnete st\u0159\u00edbrn\u011b vyhl\u00ed\u017eej\u00edc\u00ed \u0159et\u00edzky, u\u017e tuto kabelku z ruky nepust\u00edte.                                                                                                                                                                                                                                                                                                                                                                                                  "},{"@context":"https:\/\/schema.org\/","@type":"BreadcrumbList","itemListElement":[{"@type":"ListItem","position":1,"name":"Drobnosti, kter\u00e9 maj\u00ed styl","item":"https:\/\/www.calvera.cz\/drobnosti-ktere-maji-styl\/#breadcrumbitem"}]}]