[{"@context":"https:\/\/schema.org\/","@type":"Article","@id":"https:\/\/www.calvera.cz\/co-vy-a-politika\/#Article","mainEntityOfPage":"https:\/\/www.calvera.cz\/co-vy-a-politika\/","headline":"Co vy a politika?","name":"Co vy a politika?","description":"M\u00e1te r\u00e1di politiku? Zaj\u00edm\u00e1te se o politiku? Je opravdu hodn\u011b lid\u00ed, kte\u0159\u00ed si t\u0159eba mysl\u00ed, \u017ee o politice v\u00ed.","datePublished":"2024-10-31","dateModified":"2024-10-31","author":{"@type":"Person","@id":"https:\/\/www.calvera.cz\/author\/devene\/#Person","name":"devene","url":"https:\/\/www.calvera.cz\/author\/devene\/","identifier":1,"image":{"@type":"ImageObject","@id":"https:\/\/secure.gravatar.com\/avatar\/ac70c9e5ac34d1687bd81eed3e0a5127e2920111fdfe832b53d740bc4b86c4fd?s=96&d=mm&r=g","url":"https:\/\/secure.gravatar.com\/avatar\/ac70c9e5ac34d1687bd81eed3e0a5127e2920111fdfe832b53d740bc4b86c4fd?s=96&d=mm&r=g","height":96,"width":96}},"publisher":{"@type":"Organization","name":"calvera.cz","logo":{"@type":"ImageObject","@id":"\/logo.png","url":"\/logo.png","width":600,"height":60}},"image":{"@type":"ImageObject","@id":"https:\/\/www.calvera.cz\/wp-content\/uploads\/medvedev-1485638_1280_1.jpg","url":"https:\/\/www.calvera.cz\/wp-content\/uploads\/medvedev-1485638_1280_1.jpg","height":0,"width":0},"url":"https:\/\/www.calvera.cz\/co-vy-a-politika\/","about":["Politika"],"wordCount":424,"articleBody":"M\u00e1te r\u00e1di politiku? Zaj\u00edm\u00e1te se o politiku? Je opravdu hodn\u011b lid\u00ed, kte\u0159\u00ed si t\u0159eba mysl\u00ed, \u017ee o politice v\u00ed v\u0161echno, ale nakonec skutek utek. T\u0159eba lid\u00e9 se domn\u00edvaj\u00ed, \u017ee by o politice se m\u011bli dozv\u011bd\u011bt v\u00edce informac\u00ed, ale nakonec to potom dopad\u00e1 tak, \u017ee o politice nev\u00ed t\u00e9m\u011b\u0159 nic, a to hlavn\u011b z toho d\u016fvodu, \u017ee lid\u00e9 si neuv\u011bdom\u00ed, co v\u0161echno politika tak\u00e9 m\u016f\u017ee obn\u00e1\u0161et, proto\u017ee politika nejsou jenom z\u00e1kony, ale v politice se toho d\u011bje opravdu v\u00edce. Mnoho lid\u00ed si to ani neuv\u011bdom\u00ed a mysl\u00ed si, \u017ee politika je pouze jenom o z\u00e1konech, \u017ee se tam d\u011bj\u00ed sam\u00e9 negativn\u00ed v\u011bci anebo \u017ee tam jsou v\u0161ude jenom sam\u00e9 podvody. Samoz\u0159ejm\u011b, \u017ee sv\u011bt nen\u00ed r\u016f\u017eov\u00fd. A uka\u017ete mi na n\u011bkoho, kdo nesp\u00e1chal\u00a0t\u0159eba nikdy \u017e\u00e1dn\u00fd omyl anebo podvod. Jak podvod omylem anebo tak\u00e9 z\u00e1m\u011brn\u011b. Ale tohle u\u017e je samoz\u0159ejm\u011b \u00fapln\u011b jin\u00e9 t\u00e9ma. Nakonec jsou\u00a0tady tak\u00e9 samoz\u0159ejm\u011b lid\u00e9, kte\u0159\u00ed cht\u011bj\u00ed tak\u00e9 kandidovat do politiky anebo do sen\u00e1tu, jsou to budouc\u00ed sen\u00e1to\u0159i a budouc\u00ed politici.\u00a0Zrovna m\u016fj kamar\u00e1d se chyst\u00e1 za n\u011bkolik let tak\u00e9 kandidovat\u00a0do sen\u00e1tu. On byl starosta na\u0161eho m\u011bsta a \u0159\u00edkal, \u017ee by se mu l\u00edbilo, kdyby mohl b\u00fdt tak\u00e9 v politice. Sama jsem si \u0159ekla, \u017ee vlastn\u011b m\u011b by tohle ani nevadilo, proto\u017ee zat\u00edmco takhle sv\u00e9ho kamar\u00e1da zn\u00e1m, tak je docela v pohod\u011b a mysl\u00edm si, \u017ee i on by byl opravdu perfektn\u00ed sen\u00e1tor. Jenom\u017ee je\u0161t\u011b jde o to, aby pr\u00e1v\u011b m\u00e9ho kamar\u00e1da zvolili sen\u00e1torem, kdy\u017e bude kandidovat do sen\u00e1tu, mysl\u00edm si, \u017ee by to bylo opravdu skv\u011bl\u00e9.M\u016fj kamar\u00e1d je takov\u00fd introvert, ale z\u00e1rove\u0148 tak\u00e9 flegmatik a mysl\u00edm si, \u017ee tohle v politice snad je\u0161t\u011b ani nen\u00ed. Nebo zn\u00e1te n\u011bjak\u00e9ho politika, kter\u00fd je opravdu siln\u00fd flegmatik? J\u00e1 zat\u00edm tedy v\u016fbec ne. Mysl\u00edm si, \u017ee takov\u00fdch\u00a0klidn\u00fdch lid\u00ed\u00a0by m\u011blo b\u00fdt\u00a0v\u00edce ur\u010dit\u011b, proto\u017ee kdy\u017e jsou v politice potom agresivn\u00ed lid\u00e9, tak to potom tak\u00e9 samoz\u0159ejm\u011b nedopad\u00e1 v\u016fbec dob\u0159e. Agresivn\u00ed lidi bych ned\u00e1vala asi nikam. Anebo co si mysl\u00edte vy o agresivn\u00edch lidech a o\u00a0politice? Tohle dohromady asi nejde, \u017ee?\u00a0                                                                                                                                                                                                                                                                                                                                                                                                "},{"@context":"https:\/\/schema.org\/","@type":"BreadcrumbList","itemListElement":[{"@type":"ListItem","position":1,"name":"Co vy a politika?","item":"https:\/\/www.calvera.cz\/co-vy-a-politika\/#breadcrumbitem"}]}]