[{"@context":"https:\/\/schema.org\/","@type":"Article","@id":"https:\/\/www.calvera.cz\/byt-jako-novy\/#Article","mainEntityOfPage":"https:\/\/www.calvera.cz\/byt-jako-novy\/","headline":"Byt jako nov\u00fd","name":"Byt jako nov\u00fd","description":"Nez\u00e1le\u017e\u00ed na velikosti bytu, a\u010dkoli je jasn\u00e9, \u017ee do pades\u00e1ti metrov\u00e9ho, tedy m\u00edn\u00edm metry \u010dtvere\u010dn\u00ed, d\u00e1te v\u00edce v\u011bc\u00ed a.","datePublished":"2021-12-22","dateModified":"2023-05-01","author":{"@type":"Person","@id":"https:\/\/www.calvera.cz\/author\/devene\/#Person","name":"devene","url":"https:\/\/www.calvera.cz\/author\/devene\/","identifier":1,"image":{"@type":"ImageObject","@id":"https:\/\/secure.gravatar.com\/avatar\/ac70c9e5ac34d1687bd81eed3e0a5127e2920111fdfe832b53d740bc4b86c4fd?s=96&d=mm&r=g","url":"https:\/\/secure.gravatar.com\/avatar\/ac70c9e5ac34d1687bd81eed3e0a5127e2920111fdfe832b53d740bc4b86c4fd?s=96&d=mm&r=g","height":96,"width":96}},"publisher":{"@type":"Organization","name":"calvera.cz","logo":{"@type":"ImageObject","@id":"\/logo.png","url":"\/logo.png","width":600,"height":60}},"image":{"@type":"ImageObject","@id":"https:\/\/www.calvera.cz\/wp-content\/uploads\/armchair_furniture_living_room.jpg","url":"https:\/\/www.calvera.cz\/wp-content\/uploads\/armchair_furniture_living_room.jpg","height":0,"width":0},"url":"https:\/\/www.calvera.cz\/byt-jako-novy\/","about":["Byt"],"wordCount":453,"articleBody":"Nez\u00e1le\u017e\u00ed na velikosti bytu, a\u010dkoli je jasn\u00e9, \u017ee do pades\u00e1ti metrov\u00e9ho, tedy m\u00edn\u00edm metry \u010dtvere\u010dn\u00ed, d\u00e1te v\u00edce v\u011bc\u00ed a m\u00e1te v\u00edce prostoru ne\u017e v nudli o rozm\u011bru deset metr\u016f. Oba byty v\u0161ak mohou vypadat vkusn\u011b a \u010dist\u011b, pokud o n\u011b ov\u0161em majitel db\u00e1 a neka\u0161le na to.Zajist\u00e9 zn\u00e1te n\u011bkoho z okol\u00ed, komu je jedno jak \u017eije a komu na tom nez\u00e1le\u017e\u00ed. Bohu\u017eel takov\u00ed lid\u00e9 i ze sebelep\u0161\u00edho bytu ud\u011blaj\u00ed vlkodla\u010d\u00ed d\u00edru a b\u011bhem n\u011bjak\u00e9 doby sv\u00e9 bydlen\u00ed dokonale zni\u010d\u00ed. Je spousta takov\u00fdch lid\u00ed a n\u00e1v\u0161t\u011bvy se k nim nehrnou. Nebo jen ty, kter\u00fdm to nevad\u00ed a sm\u00fd\u0161lej\u00ed stejn\u011b. Fuj.B\u011b\u017en\u00fd \u010dlov\u011bk v\u0161ak chce \u017e\u00edt v po\u0159\u00e1dku a nem\u00edn\u00ed kolem sebe sn\u00e1\u0161et, s odpu\u0161t\u011bn\u00edm, svin\u010d\u00edk. Tak\u017ee pou\u017e\u00edv\u00e1 v\u0161e mo\u017en\u00e9 proto, aby m\u011bl doma v\u0161echno hezk\u00e9. Dobr\u00e1 hospodyn\u011b m\u00e1 k t\u00e9to pot\u0159eb\u011b spoustu hejbl\u00e1tek a p\u0159\u00edstroj\u016f, se kter\u00fdmi bojuje proti \u0161p\u00edn\u011b a ne\u010distot\u011b. Proto\u017ee za\u0159\u00edzen\u00fd byt obsahuje spoustu v\u011bc\u00ed, v\u011bci\u010dek a \u0161pumprn\u00e1kl\u00ed, kter\u00e9 se \u010das od \u010dasu mus\u00ed zbavit prachu a ne\u010distot.Nev\u00edm, zda si je\u0161t\u011b n\u011bkdo pamatuje, jak si byt za\u0159izoval, a jak mu v\u011bci postupn\u011b p\u0159ib\u00fdvaly. Asi m\u00e1lokdo. I kdy\u017e v dne\u0161n\u00ed dob\u011b, kdy m\u00e1te v mobilu fotoapar\u00e1t st\u00e1le p\u0159i ruce, nen\u00ed probl\u00e9m neust\u00e1le fotit a fotky n\u011bkam ukl\u00e1dat. Tak\u017ee v\u00edte, jak to vypadalo na za\u010d\u00e1tku a jak\u00e9 to m\u00e1te nyn\u00ed. To je rozd\u00edl co? A co v\u011bc\u00ed se ji\u017e vyhodilo, bu\u010f proto, \u017ee ji\u017e doslou\u017eily, nebo proto, \u017ee se ji\u017e nel\u00edbily. Nyn\u00ed je tedy byt takov\u00fd, jak\u00fd je, a je docela dob\u0159e mo\u017en\u00e9, \u017ee za p\u00e1r let bude zase trochu, nebo \u00fapln\u011b jin\u00fd.Je pak velmi zaj\u00edmav\u00e9 sledovat zm\u011bnu bytu dle jeho majitel\u016f. Ka\u017ed\u00e9mu se to l\u00edb\u00ed jinak, a tak jsou tyto skute\u010dn\u011b velik\u00e9. Ostatn\u011b, \u017eivot s\u00e1m je tak\u00e9 takov\u00e1 zm\u011bna. A pokud ne, mus\u00edme si to ud\u011blat sami, proto\u017ee p\u0159ece jen, jednotv\u00e1rnost ub\u00edj\u00ed, a to i v byt\u011b, kde je to st\u00e1le stejn\u00e9.Ale to n\u00e1m vadit zase tak moc nemus\u00ed. Sta\u010d\u00ed to m\u00edt hezk\u00e9 a vo\u0148av\u00e9. Pak u\u017e to m\u016f\u017ee b\u00fdt takov\u00e9, jak\u00e9 to je a nebude mo\u017en\u00e1 nutn\u00e9 to v\u016fbec n\u011bjak m\u011bnit. I kdy\u017e \u010dasem&#8230;                                                                                                                                                                                                                                                                                                                                                                                                "},{"@context":"https:\/\/schema.org\/","@type":"BreadcrumbList","itemListElement":[{"@type":"ListItem","position":1,"name":"Byt jako nov\u00fd","item":"https:\/\/www.calvera.cz\/byt-jako-novy\/#breadcrumbitem"}]}]